{"id":1534,"date":"2016-06-03T08:42:25","date_gmt":"2016-06-03T06:42:25","guid":{"rendered":"http:\/\/www.amicsdelapasseja.com\/wordpress\/?p=1534"},"modified":"2021-12-15T19:23:13","modified_gmt":"2021-12-15T17:23:13","slug":"llibret-de-festes","status":"publish","type":"post","link":"https:\/\/www.amicsdelapasseja.com\/wordpress\/llibret-de-festes\/","title":{"rendered":"LLIBRET DE FESTES"},"content":{"rendered":"<p>Ja est\u00e0 com tots els anys el llibret de festes repartit per tot el poble. Per si de cas no l&#8217;heu trobat, ac\u00ed el tens. Des de l&#8217;associaci\u00f3 Amics de la Passeja us convidem a participar activament en la festa per excel\u00b7l\u00e8ncia del poble.<\/p>\n<p><img decoding=\"async\" class=\"ngg_displayed_gallery mceItem\" src=\"https:\/\/www.amicsdelapasseja.com\/wordpress\/index.php\/nextgen-attach_to_post\/preview\/id--1547\" alt=\"\" data-mce-placeholder=\"1\" \/><\/p>\n","protected":false},"excerpt":{"rendered":"<p>Ja est\u00e0 com tots els anys el llibret de festes repartit per tot el poble. Per si de cas no l&#8217;heu trobat, ac\u00ed el tens. Des de l&#8217;associaci\u00f3 Amics de la Passeja us convidem a participar activament en la festa per excel\u00b7l\u00e8ncia del poble.<\/p>\n","protected":false},"author":3,"featured_media":0,"comment_status":"closed","ping_status":"open","sticky":false,"template":"","format":"standard","meta":{"_kad_post_transparent":"","_kad_post_title":"","_kad_post_layout":"","_kad_post_sidebar_id":"","_kad_post_content_style":"","_kad_post_vertical_padding":"","_kad_post_feature":"","_kad_post_feature_position":"","_kad_post_header":false,"_kad_post_footer":false,"footnotes":""},"categories":[68,6,4],"tags":[],"_links":{"self":[{"href":"https:\/\/www.amicsdelapasseja.com\/wordpress\/wp-json\/wp\/v2\/posts\/1534"}],"collection":[{"href":"https:\/\/www.amicsdelapasseja.com\/wordpress\/wp-json\/wp\/v2\/posts"}],"about":[{"href":"https:\/\/www.amicsdelapasseja.com\/wordpress\/wp-json\/wp\/v2\/types\/post"}],"author":[{"embeddable":true,"href":"https:\/\/www.amicsdelapasseja.com\/wordpress\/wp-json\/wp\/v2\/users\/3"}],"replies":[{"embeddable":true,"href":"https:\/\/www.amicsdelapasseja.com\/wordpress\/wp-json\/wp\/v2\/comments?post=1534"}],"version-history":[{"count":4,"href":"https:\/\/www.amicsdelapasseja.com\/wordpress\/wp-json\/wp\/v2\/posts\/1534\/revisions"}],"predecessor-version":[{"id":1558,"href":"https:\/\/www.amicsdelapasseja.com\/wordpress\/wp-json\/wp\/v2\/posts\/1534\/revisions\/1558"}],"wp:attachment":[{"href":"https:\/\/www.amicsdelapasseja.com\/wordpress\/wp-json\/wp\/v2\/media?parent=1534"}],"wp:term":[{"taxonomy":"category","embeddable":true,"href":"https:\/\/www.amicsdelapasseja.com\/wordpress\/wp-json\/wp\/v2\/categories?post=1534"},{"taxonomy":"post_tag","embeddable":true,"href":"https:\/\/www.amicsdelapasseja.com\/wordpress\/wp-json\/wp\/v2\/tags?post=1534"}],"curies":[{"name":"wp","href":"https:\/\/api.w.org\/{rel}","templated":true}]}}