{"id":1583,"date":"2018-04-25T09:01:04","date_gmt":"2018-04-25T07:01:04","guid":{"rendered":"http:\/\/www.amicsdelapasseja.com\/wordpress\/?p=1583"},"modified":"2021-12-15T19:23:00","modified_gmt":"2021-12-15T17:23:00","slug":"levante-tv-som-poble","status":"publish","type":"post","link":"https:\/\/www.amicsdelapasseja.com\/wordpress\/levante-tv-som-poble\/","title":{"rendered":"Levante-Tv &#8211; Som Poble"},"content":{"rendered":"<p>Entrevista al Pressident de l&#8217;Associaci\u00f3 Paco Hern\u00e1ndez en el programa Som Poble de Levante-Tv amb motiu de la declaraci\u00f3 de Festa d&#8217;Inter\u00e9s Tur\u00edstic Provincial de la Comunitat Valenciana<\/p>\n<p>&nbsp;<\/p>\n<div class=\"entry-content-asset videofit\"><iframe loading=\"lazy\" title=\"Amics de la Passej\u00e0 en Som Poble - Levante Tv\" width=\"720\" height=\"405\" src=\"https:\/\/www.youtube.com\/embed\/JaPNHU4Lp5A?feature=oembed\" frameborder=\"0\" allow=\"accelerometer; autoplay; clipboard-write; encrypted-media; gyroscope; picture-in-picture\" allowfullscreen><\/iframe><\/div>\n","protected":false},"excerpt":{"rendered":"<p>Entrevista al Pressident de l&#8217;Associaci\u00f3 Paco Hern\u00e1ndez en el programa Som Poble de Levante-Tv amb motiu de la declaraci\u00f3 de Festa d&#8217;Inter\u00e9s Tur\u00edstic Provincial de la Comunitat Valenciana &nbsp;<\/p>\n","protected":false},"author":2,"featured_media":0,"comment_status":"closed","ping_status":"open","sticky":false,"template":"","format":"video","meta":{"_kad_post_transparent":"","_kad_post_title":"","_kad_post_layout":"","_kad_post_sidebar_id":"","_kad_post_content_style":"","_kad_post_vertical_padding":"","_kad_post_feature":"","_kad_post_feature_position":"","_kad_post_header":false,"_kad_post_footer":false,"footnotes":""},"categories":[122],"tags":[118,67,35,79,53,123,89,66,29,30,54],"_links":{"self":[{"href":"https:\/\/www.amicsdelapasseja.com\/wordpress\/wp-json\/wp\/v2\/posts\/1583"}],"collection":[{"href":"https:\/\/www.amicsdelapasseja.com\/wordpress\/wp-json\/wp\/v2\/posts"}],"about":[{"href":"https:\/\/www.amicsdelapasseja.com\/wordpress\/wp-json\/wp\/v2\/types\/post"}],"author":[{"embeddable":true,"href":"https:\/\/www.amicsdelapasseja.com\/wordpress\/wp-json\/wp\/v2\/users\/2"}],"replies":[{"embeddable":true,"href":"https:\/\/www.amicsdelapasseja.com\/wordpress\/wp-json\/wp\/v2\/comments?post=1583"}],"version-history":[{"count":2,"href":"https:\/\/www.amicsdelapasseja.com\/wordpress\/wp-json\/wp\/v2\/posts\/1583\/revisions"}],"predecessor-version":[{"id":1585,"href":"https:\/\/www.amicsdelapasseja.com\/wordpress\/wp-json\/wp\/v2\/posts\/1583\/revisions\/1585"}],"wp:attachment":[{"href":"https:\/\/www.amicsdelapasseja.com\/wordpress\/wp-json\/wp\/v2\/media?parent=1583"}],"wp:term":[{"taxonomy":"category","embeddable":true,"href":"https:\/\/www.amicsdelapasseja.com\/wordpress\/wp-json\/wp\/v2\/categories?post=1583"},{"taxonomy":"post_tag","embeddable":true,"href":"https:\/\/www.amicsdelapasseja.com\/wordpress\/wp-json\/wp\/v2\/tags?post=1583"}],"curies":[{"name":"wp","href":"https:\/\/api.w.org\/{rel}","templated":true}]}}