{"id":1637,"date":"2019-04-07T21:18:01","date_gmt":"2019-04-07T19:18:01","guid":{"rendered":"http:\/\/www.amicsdelapasseja.com\/wordpress\/?p=1637"},"modified":"2021-12-15T19:23:00","modified_gmt":"2021-12-15T17:23:00","slug":"visita-a-la-diputacio-de-valencia","status":"publish","type":"post","link":"https:\/\/www.amicsdelapasseja.com\/wordpress\/visita-a-la-diputacio-de-valencia\/","title":{"rendered":"Visita a la Diputaci\u00f3 de Val\u00e8ncia"},"content":{"rendered":"\n<p>El dia 2 de febrer membres de l&#8217;associaci\u00f3 vam estar de visita a la Diputaci\u00f3 de Val\u00e8ncia, all\u00ed estava esperant un Amic i Diputat. Tots junts vam fer una visita guiada per este palau que ara \u00e9s la Diputaci\u00f3 de Val\u00e8ncia.<\/p>\n\n\n\n<p><\/p>\n\n\n<p><a data-flickr-embed=\"true\" href=\"https:\/\/www.flickr.com\/photos\/136746160@N06\/albums\/72157711738744936\" title=\"diputacio19\"><img loading=\"lazy\" decoding=\"async\" src=\"https:\/\/live.staticflickr.com\/65535\/49050198911_f9ed26c564_z.jpg\" width=\"640\" height=\"426\" alt=\"diputacio19\"><\/a><script async src=\"\/\/embedr.flickr.com\/assets\/client-code.js\" charset=\"utf-8\"><\/script><\/p>\n","protected":false},"excerpt":{"rendered":"<p>El dia 2 de febrer membres de l&#8217;associaci\u00f3 vam estar de visita a la Diputaci\u00f3 de Val\u00e8ncia, all\u00ed estava esperant un Amic i Diputat. Tots junts vam fer una visita guiada per este palau que ara \u00e9s la Diputaci\u00f3 de Val\u00e8ncia.<\/p>\n","protected":false},"author":2,"featured_media":0,"comment_status":"closed","ping_status":"open","sticky":false,"template":"","format":"standard","meta":{"_kad_post_transparent":"","_kad_post_title":"","_kad_post_layout":"","_kad_post_sidebar_id":"","_kad_post_content_style":"","_kad_post_vertical_padding":"","_kad_post_feature":"","_kad_post_feature_position":"","_kad_post_header":false,"_kad_post_footer":false,"footnotes":""},"categories":[5,6],"tags":[67,133,130,132,129,30,131],"_links":{"self":[{"href":"https:\/\/www.amicsdelapasseja.com\/wordpress\/wp-json\/wp\/v2\/posts\/1637"}],"collection":[{"href":"https:\/\/www.amicsdelapasseja.com\/wordpress\/wp-json\/wp\/v2\/posts"}],"about":[{"href":"https:\/\/www.amicsdelapasseja.com\/wordpress\/wp-json\/wp\/v2\/types\/post"}],"author":[{"embeddable":true,"href":"https:\/\/www.amicsdelapasseja.com\/wordpress\/wp-json\/wp\/v2\/users\/2"}],"replies":[{"embeddable":true,"href":"https:\/\/www.amicsdelapasseja.com\/wordpress\/wp-json\/wp\/v2\/comments?post=1637"}],"version-history":[{"count":13,"href":"https:\/\/www.amicsdelapasseja.com\/wordpress\/wp-json\/wp\/v2\/posts\/1637\/revisions"}],"predecessor-version":[{"id":1695,"href":"https:\/\/www.amicsdelapasseja.com\/wordpress\/wp-json\/wp\/v2\/posts\/1637\/revisions\/1695"}],"wp:attachment":[{"href":"https:\/\/www.amicsdelapasseja.com\/wordpress\/wp-json\/wp\/v2\/media?parent=1637"}],"wp:term":[{"taxonomy":"category","embeddable":true,"href":"https:\/\/www.amicsdelapasseja.com\/wordpress\/wp-json\/wp\/v2\/categories?post=1637"},{"taxonomy":"post_tag","embeddable":true,"href":"https:\/\/www.amicsdelapasseja.com\/wordpress\/wp-json\/wp\/v2\/tags?post=1637"}],"curies":[{"name":"wp","href":"https:\/\/api.w.org\/{rel}","templated":true}]}}