{"id":1681,"date":"2019-11-11T21:14:51","date_gmt":"2019-11-11T19:14:51","guid":{"rendered":"http:\/\/www.amicsdelapasseja.com\/wordpress\/?p=1681"},"modified":"2021-12-15T19:22:59","modified_gmt":"2021-12-15T17:22:59","slug":"exposicio-30-aniversari-de-lassociacio-del-mon","status":"publish","type":"post","link":"https:\/\/www.amicsdelapasseja.com\/wordpress\/exposicio-30-aniversari-de-lassociacio-del-mon\/","title":{"rendered":"Exposici\u00f3  30 Aniversari de l&#8217;Associaci\u00f3  del mon\u201d"},"content":{"rendered":"\n<p>Amb motio dels 30 anys de l&#8217;Associaci\u00f3 Amics de la Passej\u00e0 de Sant Onofre el d\u00eda 28 de maig es va inaugurar una exposici\u00f3 al Quart Jove  \u201cLa devoci\u00f3 popular a Sant Onofre al voltant del mon\u201d<\/p>\n\n\n\n<p><\/p>\n\n\n<p><a data-flickr-embed=\"true\" href=\"https:\/\/www.flickr.com\/photos\/136746160@N06\/albums\/72157711721625113\" title=\"EXPOSICIO 30 ANIVERSARI\"><img loading=\"lazy\" decoding=\"async\" src=\"https:\/\/live.staticflickr.com\/65535\/49043005076_6b22b2f771_z.jpg\" width=\"640\" height=\"480\" alt=\"EXPOSICIO 30 ANIVERSARI\"><\/a><script async=\"\" src=\"\/\/embedr.flickr.com\/assets\/client-code.js\" charset=\"utf-8\"><\/script><\/p>\n","protected":false},"excerpt":{"rendered":"<p>Amb motio dels 30 anys de l&#8217;Associaci\u00f3 Amics de la Passej\u00e0 de Sant Onofre el d\u00eda 28 de maig es va inaugurar una exposici\u00f3 al Quart Jove \u201cLa devoci\u00f3 popular a Sant Onofre al voltant del mon\u201d<\/p>\n","protected":false},"author":2,"featured_media":0,"comment_status":"closed","ping_status":"open","sticky":false,"template":"","format":"standard","meta":{"_kad_post_transparent":"","_kad_post_title":"","_kad_post_layout":"","_kad_post_sidebar_id":"","_kad_post_content_style":"","_kad_post_vertical_padding":"","_kad_post_feature":"","_kad_post_feature_position":"","_kad_post_header":false,"_kad_post_footer":false,"footnotes":""},"categories":[5],"tags":[67,137,31,30,54],"_links":{"self":[{"href":"https:\/\/www.amicsdelapasseja.com\/wordpress\/wp-json\/wp\/v2\/posts\/1681"}],"collection":[{"href":"https:\/\/www.amicsdelapasseja.com\/wordpress\/wp-json\/wp\/v2\/posts"}],"about":[{"href":"https:\/\/www.amicsdelapasseja.com\/wordpress\/wp-json\/wp\/v2\/types\/post"}],"author":[{"embeddable":true,"href":"https:\/\/www.amicsdelapasseja.com\/wordpress\/wp-json\/wp\/v2\/users\/2"}],"replies":[{"embeddable":true,"href":"https:\/\/www.amicsdelapasseja.com\/wordpress\/wp-json\/wp\/v2\/comments?post=1681"}],"version-history":[{"count":6,"href":"https:\/\/www.amicsdelapasseja.com\/wordpress\/wp-json\/wp\/v2\/posts\/1681\/revisions"}],"predecessor-version":[{"id":1697,"href":"https:\/\/www.amicsdelapasseja.com\/wordpress\/wp-json\/wp\/v2\/posts\/1681\/revisions\/1697"}],"wp:attachment":[{"href":"https:\/\/www.amicsdelapasseja.com\/wordpress\/wp-json\/wp\/v2\/media?parent=1681"}],"wp:term":[{"taxonomy":"category","embeddable":true,"href":"https:\/\/www.amicsdelapasseja.com\/wordpress\/wp-json\/wp\/v2\/categories?post=1681"},{"taxonomy":"post_tag","embeddable":true,"href":"https:\/\/www.amicsdelapasseja.com\/wordpress\/wp-json\/wp\/v2\/tags?post=1681"}],"curies":[{"name":"wp","href":"https:\/\/api.w.org\/{rel}","templated":true}]}}